{"id":107,"count":8,"description":"\ud83c\udf42 Ma Collection Automne\r\n\r\nL\u2019automne s\u2019installe doucement\u2026 et avec lui, l\u2019envie de ralentir, de se blottir sous un plaid et de profiter pleinement de son petit cocon. \ud83e\udd0e\r\n\r\nJ\u2019ai imagin\u00e9 ma Collection Automne autour de senteurs cocooning et d\u00e9licatement \u00e9pic\u00e9es, s\u00e9lectionn\u00e9es avec soin pour cr\u00e9er une ambiance douce, chaleureuse et r\u00e9confortante \u00e0 la maison.\r\n\r\nVous y retrouverez bougies, br\u00fbleurs, fondants parfum\u00e9s et coffrets de 4 senteurs, parfaits pour accompagner les journ\u00e9es qui raccourcissent et les soir\u00e9es bien au chaud.\r\n\r\n\ud83c\udf41 Allumez, faites fondre, blottissez-vous sous un plaid\u2026 et laissez les parfums de l\u2019automne envelopper votre int\u00e9rieur.","link":"https:\/\/faismoifondrebyc.com\/index.php\/product-category\/automne\/","name":"Automne","slug":"automne","taxonomy":"product_cat","parent":0,"meta":[],"menu_order":0,"yoast_head":"<!-- This site is optimized with the Yoast SEO plugin v28.3 - https:\/\/yoast.com\/product\/yoast-seo-wordpress\/ -->\n<title>Automne - Fais moi fondre<\/title>\n<meta name=\"robots\" content=\"index, follow, max-snippet:-1, max-image-preview:large, max-video-preview:-1\" \/>\n<link rel=\"canonical\" href=\"https:\/\/faismoifondrebyc.com\/index.php\/product-category\/automne\/\" \/>\n<meta property=\"og:locale\" content=\"fr_FR\" \/>\n<meta property=\"og:type\" content=\"article\" \/>\n<meta property=\"og:title\" content=\"Automne - Fais moi fondre\" \/>\n<meta property=\"og:description\" content=\"\ud83c\udf42 Ma Collection Automne L\u2019automne s\u2019installe doucement\u2026 et avec lui, l\u2019envie de ralentir, de se blottir sous un plaid et de profiter pleinement de son petit cocon. \ud83e\udd0e J\u2019ai imagin\u00e9 ma Collection Automne autour de senteurs cocooning et d\u00e9licatement \u00e9pic\u00e9es, s\u00e9lectionn\u00e9es avec soin pour cr\u00e9er une ambiance douce, chaleureuse et r\u00e9confortante \u00e0 la maison. Vous y retrouverez bougies, br\u00fbleurs, fondants parfum\u00e9s et coffrets de 4 senteurs, parfaits pour accompagner les journ\u00e9es qui raccourcissent et les soir\u00e9es bien au chaud. \ud83c\udf41 Allumez, faites fondre, blottissez-vous sous un plaid\u2026 et laissez les parfums de l\u2019automne envelopper votre int\u00e9rieur.\" \/>\n<meta property=\"og:url\" content=\"https:\/\/faismoifondrebyc.com\/index.php\/product-category\/automne\/\" \/>\n<meta property=\"og:site_name\" content=\"Fais moi fondre\" \/>\n<meta name=\"twitter:card\" content=\"summary_large_image\" \/>\n<script type=\"application\/ld+json\" class=\"yoast-schema-graph\">{\"@context\":\"https:\\\/\\\/schema.org\",\"@graph\":[{\"@type\":\"CollectionPage\",\"@id\":\"https:\\\/\\\/faismoifondrebyc.com\\\/index.php\\\/product-category\\\/automne\\\/\",\"url\":\"https:\\\/\\\/faismoifondrebyc.com\\\/index.php\\\/product-category\\\/automne\\\/\",\"name\":\"Automne - Fais moi fondre\",\"isPartOf\":{\"@id\":\"https:\\\/\\\/faismoifondrebyc.com\\\/#website\"},\"breadcrumb\":{\"@id\":\"https:\\\/\\\/faismoifondrebyc.com\\\/index.php\\\/product-category\\\/automne\\\/#breadcrumb\"},\"inLanguage\":\"fr-FR\"},{\"@type\":\"BreadcrumbList\",\"@id\":\"https:\\\/\\\/faismoifondrebyc.com\\\/index.php\\\/product-category\\\/automne\\\/#breadcrumb\",\"itemListElement\":[{\"@type\":\"ListItem\",\"position\":1,\"name\":\"Accueil\",\"item\":\"https:\\\/\\\/faismoifondrebyc.com\\\/\"},{\"@type\":\"ListItem\",\"position\":2,\"name\":\"Automne\"}]},{\"@type\":\"WebSite\",\"@id\":\"https:\\\/\\\/faismoifondrebyc.com\\\/#website\",\"url\":\"https:\\\/\\\/faismoifondrebyc.com\\\/\",\"name\":\"Fais moi fondre by C\",\"description\":\"cr\u00e9atrice de senteurs\",\"publisher\":{\"@id\":\"https:\\\/\\\/faismoifondrebyc.com\\\/#organization\"},\"potentialAction\":[{\"@type\":\"SearchAction\",\"target\":{\"@type\":\"EntryPoint\",\"urlTemplate\":\"https:\\\/\\\/faismoifondrebyc.com\\\/?s={search_term_string}\"},\"query-input\":{\"@type\":\"PropertyValueSpecification\",\"valueRequired\":true,\"valueName\":\"search_term_string\"}}],\"inLanguage\":\"fr-FR\"},{\"@type\":\"Organization\",\"@id\":\"https:\\\/\\\/faismoifondrebyc.com\\\/#organization\",\"name\":\"Fais moi fondre by C\",\"url\":\"https:\\\/\\\/faismoifondrebyc.com\\\/\",\"logo\":{\"@type\":\"ImageObject\",\"inLanguage\":\"fr-FR\",\"@id\":\"https:\\\/\\\/faismoifondrebyc.com\\\/#\\\/schema\\\/logo\\\/image\\\/\",\"url\":\"https:\\\/\\\/faismoifondrebyc.com\\\/wp-content\\\/uploads\\\/2023\\\/03\\\/cropped-Sans-titre-1.png\",\"contentUrl\":\"https:\\\/\\\/faismoifondrebyc.com\\\/wp-content\\\/uploads\\\/2023\\\/03\\\/cropped-Sans-titre-1.png\",\"width\":1080,\"height\":1080,\"caption\":\"Fais moi fondre by C\"},\"image\":{\"@id\":\"https:\\\/\\\/faismoifondrebyc.com\\\/#\\\/schema\\\/logo\\\/image\\\/\"},\"sameAs\":[\"https:\\\/\\\/www.facebook.com\\\/faismoifondrebyC\",\"https:\\\/\\\/www.instagram.com\\\/faismoifondrebyc\\\/\"]}]}<\/script>\n<!-- \/ Yoast SEO plugin. -->","yoast_head_json":{"title":"Automne - Fais moi fondre","robots":{"index":"index","follow":"follow","max-snippet":"max-snippet:-1","max-image-preview":"max-image-preview:large","max-video-preview":"max-video-preview:-1"},"canonical":"https:\/\/faismoifondrebyc.com\/index.php\/product-category\/automne\/","og_locale":"fr_FR","og_type":"article","og_title":"Automne - Fais moi fondre","og_description":"\ud83c\udf42 Ma Collection Automne L\u2019automne s\u2019installe doucement\u2026 et avec lui, l\u2019envie de ralentir, de se blottir sous un plaid et de profiter pleinement de son petit cocon. \ud83e\udd0e J\u2019ai imagin\u00e9 ma Collection Automne autour de senteurs cocooning et d\u00e9licatement \u00e9pic\u00e9es, s\u00e9lectionn\u00e9es avec soin pour cr\u00e9er une ambiance douce, chaleureuse et r\u00e9confortante \u00e0 la maison. Vous y retrouverez bougies, br\u00fbleurs, fondants parfum\u00e9s et coffrets de 4 senteurs, parfaits pour accompagner les journ\u00e9es qui raccourcissent et les soir\u00e9es bien au chaud. \ud83c\udf41 Allumez, faites fondre, blottissez-vous sous un plaid\u2026 et laissez les parfums de l\u2019automne envelopper votre int\u00e9rieur.","og_url":"https:\/\/faismoifondrebyc.com\/index.php\/product-category\/automne\/","og_site_name":"Fais moi fondre","twitter_card":"summary_large_image","schema":{"@context":"https:\/\/schema.org","@graph":[{"@type":"CollectionPage","@id":"https:\/\/faismoifondrebyc.com\/index.php\/product-category\/automne\/","url":"https:\/\/faismoifondrebyc.com\/index.php\/product-category\/automne\/","name":"Automne - Fais moi fondre","isPartOf":{"@id":"https:\/\/faismoifondrebyc.com\/#website"},"breadcrumb":{"@id":"https:\/\/faismoifondrebyc.com\/index.php\/product-category\/automne\/#breadcrumb"},"inLanguage":"fr-FR"},{"@type":"BreadcrumbList","@id":"https:\/\/faismoifondrebyc.com\/index.php\/product-category\/automne\/#breadcrumb","itemListElement":[{"@type":"ListItem","position":1,"name":"Accueil","item":"https:\/\/faismoifondrebyc.com\/"},{"@type":"ListItem","position":2,"name":"Automne"}]},{"@type":"WebSite","@id":"https:\/\/faismoifondrebyc.com\/#website","url":"https:\/\/faismoifondrebyc.com\/","name":"Fais moi fondre by C","description":"cr\u00e9atrice de senteurs","publisher":{"@id":"https:\/\/faismoifondrebyc.com\/#organization"},"potentialAction":[{"@type":"SearchAction","target":{"@type":"EntryPoint","urlTemplate":"https:\/\/faismoifondrebyc.com\/?s={search_term_string}"},"query-input":{"@type":"PropertyValueSpecification","valueRequired":true,"valueName":"search_term_string"}}],"inLanguage":"fr-FR"},{"@type":"Organization","@id":"https:\/\/faismoifondrebyc.com\/#organization","name":"Fais moi fondre by C","url":"https:\/\/faismoifondrebyc.com\/","logo":{"@type":"ImageObject","inLanguage":"fr-FR","@id":"https:\/\/faismoifondrebyc.com\/#\/schema\/logo\/image\/","url":"https:\/\/faismoifondrebyc.com\/wp-content\/uploads\/2023\/03\/cropped-Sans-titre-1.png","contentUrl":"https:\/\/faismoifondrebyc.com\/wp-content\/uploads\/2023\/03\/cropped-Sans-titre-1.png","width":1080,"height":1080,"caption":"Fais moi fondre by C"},"image":{"@id":"https:\/\/faismoifondrebyc.com\/#\/schema\/logo\/image\/"},"sameAs":["https:\/\/www.facebook.com\/faismoifondrebyC","https:\/\/www.instagram.com\/faismoifondrebyc\/"]}]}},"cat_url":"https:\/\/faismoifondrebyc.com\/index.php\/product-category\/automne\/","_links":{"self":[{"href":"https:\/\/faismoifondrebyc.com\/index.php\/wp-json\/wp\/v2\/product_cat\/107","targetHints":{"allow":["GET"]}}],"collection":[{"href":"https:\/\/faismoifondrebyc.com\/index.php\/wp-json\/wp\/v2\/product_cat"}],"about":[{"href":"https:\/\/faismoifondrebyc.com\/index.php\/wp-json\/wp\/v2\/taxonomies\/product_cat"}],"wp:post_type":[{"href":"https:\/\/faismoifondrebyc.com\/index.php\/wp-json\/wp\/v2\/product?product_cat=107"}],"curies":[{"name":"wp","href":"https:\/\/api.w.org\/{rel}","templated":true}]}}